{"id":601,"date":"2019-03-15T10:18:16","date_gmt":"2019-03-15T09:18:16","guid":{"rendered":"http:\/\/www.bandacittadelpalio.it\/blog\/?p=601"},"modified":"2019-03-15T12:18:39","modified_gmt":"2019-03-15T11:18:39","slug":"riprende-lattivita-bandistica","status":"publish","type":"post","link":"https:\/\/www.bandacittadelpalio.it\/blog\/2019\/03\/15\/riprende-lattivita-bandistica\/","title":{"rendered":"Riprende l&#8217;attivit\u00e0 bandistica"},"content":{"rendered":"\n<p>Come da tradizione, marzo \u00e8 il mese in cui riprende l&#8217;attivit\u00e0 bandistica dopo il riposo invernale.<\/p>\n\n\n\n<p>Da marted\u00ec 5 marzo abbiamo ripreso le prove, <strong>ogni marted\u00ec e venerd\u00ec<\/strong>, con un nuovo repertorio da preparare in vista del primo appuntamento annuale con il <strong>Concerto del 25 aprile<\/strong>.<\/p>\n\n\n\n<p>Per <strong>marted\u00ec 26 marzo<\/strong> \u00e8 invece convocata l&#8217;<strong>Assemblea <\/strong>ordinaria dei soci  presso la sede.<\/p>\n","protected":false},"excerpt":{"rendered":"<p>Come da tradizione, marzo \u00e8 il mese in cui riprende l&#8217;attivit\u00e0 bandistica dopo il riposo invernale. Da marted\u00ec 5 marzo abbiamo ripreso le prove, ogni marted\u00ec e venerd\u00ec, con un nuovo repertorio da preparare in vista del primo appuntamento annuale con il Concerto del 25 aprile. Per marted\u00ec 26 marzo \u00e8 invece convocata l&#8217;Assemblea ordinaria dei soci presso la sede.<\/p>\n","protected":false},"author":1,"featured_media":0,"comment_status":"open","ping_status":"open","sticky":false,"template":"","format":"standard","meta":{"sharing_disabled":false,"spay_email":"","jetpack_publicize_message":""},"categories":[9],"tags":[142,141,107],"jetpack_featured_media_url":"","jetpack_publicize_connections":[],"_links":{"self":[{"href":"https:\/\/www.bandacittadelpalio.it\/blog\/wp-json\/wp\/v2\/posts\/601"}],"collection":[{"href":"https:\/\/www.bandacittadelpalio.it\/blog\/wp-json\/wp\/v2\/posts"}],"about":[{"href":"https:\/\/www.bandacittadelpalio.it\/blog\/wp-json\/wp\/v2\/types\/post"}],"author":[{"embeddable":true,"href":"https:\/\/www.bandacittadelpalio.it\/blog\/wp-json\/wp\/v2\/users\/1"}],"replies":[{"embeddable":true,"href":"https:\/\/www.bandacittadelpalio.it\/blog\/wp-json\/wp\/v2\/comments?post=601"}],"version-history":[{"count":1,"href":"https:\/\/www.bandacittadelpalio.it\/blog\/wp-json\/wp\/v2\/posts\/601\/revisions"}],"predecessor-version":[{"id":602,"href":"https:\/\/www.bandacittadelpalio.it\/blog\/wp-json\/wp\/v2\/posts\/601\/revisions\/602"}],"wp:attachment":[{"href":"https:\/\/www.bandacittadelpalio.it\/blog\/wp-json\/wp\/v2\/media?parent=601"}],"wp:term":[{"taxonomy":"category","embeddable":true,"href":"https:\/\/www.bandacittadelpalio.it\/blog\/wp-json\/wp\/v2\/categories?post=601"},{"taxonomy":"post_tag","embeddable":true,"href":"https:\/\/www.bandacittadelpalio.it\/blog\/wp-json\/wp\/v2\/tags?post=601"}],"curies":[{"name":"wp","href":"https:\/\/api.w.org\/{rel}","templated":true}]}}