{"id":528,"date":"2018-11-26T13:53:19","date_gmt":"2018-11-26T12:53:19","guid":{"rendered":"https:\/\/www.bandacittadelpalio.it\/blog\/?p=528"},"modified":"2019-01-11T08:31:00","modified_gmt":"2019-01-11T07:31:00","slug":"concerto-1-dicembre-2018","status":"publish","type":"post","link":"https:\/\/www.bandacittadelpalio.it\/blog\/2018\/11\/26\/concerto-1-dicembre-2018\/","title":{"rendered":"Concerto 1 Dicembre 2018"},"content":{"rendered":"<p>L\u2019Unione Bandistica Senese &#8211; Banda Citt\u00e0 del Palio \u00e8 lieta di invitare la cittadinanza tutta al Concerto che si terr\u00e0 sabato 1 Dicembre presso il Teatro dei Rozzi in onore di Sant&#8217;Ansano e Santa Cecilia.<\/p>\n<p>Ecco il programma della serata:<\/p>\n<p>76 Trombones &#8211; <em>Meredith Willson<\/em><\/p>\n<p>Il Barbiere di Siviglia &#8211; <em>Gioachino Rossini<\/em><\/p>\n<p>Pilatus &#8211; La Montagna dei Dragoni <em>&#8211; Steven Reineke<\/em><\/p>\n<p>Suite for Variety Stage Orchestra: <em>Dmitri Shostakovich<\/em><\/p>\n<p>March<\/p>\n<p>Lyrich Waltz<\/p>\n<p>Dance I<\/p>\n<p>Waltz II<\/p>\n<p>Finale<\/p>\n<p>Santana a portrait &#8211; <em>Carlos Santana (Arr. G. Gazzani)<\/em><\/p>\n<p>The Typewriter &#8211; <em>Leroy Anderson<\/em><\/p>\n<p><em><img loading=\"lazy\" src=\"https:\/\/www.bandacittadelpalio.it\/blog\/wp-content\/uploads\/2018\/11\/img_4280.jpg\" class=\"size-full wp-image-527\" width=\"1448\" height=\"2048\" srcset=\"https:\/\/www.bandacittadelpalio.it\/blog\/wp-content\/uploads\/2018\/11\/img_4280.jpg 1448w, https:\/\/www.bandacittadelpalio.it\/blog\/wp-content\/uploads\/2018\/11\/img_4280-212x300.jpg 212w, https:\/\/www.bandacittadelpalio.it\/blog\/wp-content\/uploads\/2018\/11\/img_4280-768x1086.jpg 768w, https:\/\/www.bandacittadelpalio.it\/blog\/wp-content\/uploads\/2018\/11\/img_4280-724x1024.jpg 724w, https:\/\/www.bandacittadelpalio.it\/blog\/wp-content\/uploads\/2018\/11\/img_4280-800x1131.jpg 800w\" sizes=\"(max-width: 1448px) 100vw, 1448px\" \/><\/em><\/p>\n","protected":false},"excerpt":{"rendered":"<p>L\u2019Unione Bandistica Senese &#8211; Banda Citt\u00e0 del Palio \u00e8 lieta di invitare la cittadinanza tutta al Concerto che si terr\u00e0 sabato 1 Dicembre presso il Teatro dei Rozzi in onore di Sant&#8217;Ansano e Santa Cecilia. Ecco il programma della serata: 76 Trombones &#8211; Meredith Willson Il Barbiere di Siviglia &#8211; Gioachino Rossini Pilatus &#8211; La Montagna dei Dragoni &#8211; Steven<\/p>\n<p><a class=\"more-link\" href=\"https:\/\/www.bandacittadelpalio.it\/blog\/2018\/11\/26\/concerto-1-dicembre-2018\/\">Read More<\/a><\/p>\n","protected":false},"author":1,"featured_media":0,"comment_status":"open","ping_status":"open","sticky":false,"template":"","format":"standard","meta":{"sharing_disabled":false,"spay_email":"","jetpack_publicize_message":""},"categories":[6],"tags":[123,140,131,125,126],"jetpack_featured_media_url":"","jetpack_publicize_connections":[],"_links":{"self":[{"href":"https:\/\/www.bandacittadelpalio.it\/blog\/wp-json\/wp\/v2\/posts\/528"}],"collection":[{"href":"https:\/\/www.bandacittadelpalio.it\/blog\/wp-json\/wp\/v2\/posts"}],"about":[{"href":"https:\/\/www.bandacittadelpalio.it\/blog\/wp-json\/wp\/v2\/types\/post"}],"author":[{"embeddable":true,"href":"https:\/\/www.bandacittadelpalio.it\/blog\/wp-json\/wp\/v2\/users\/1"}],"replies":[{"embeddable":true,"href":"https:\/\/www.bandacittadelpalio.it\/blog\/wp-json\/wp\/v2\/comments?post=528"}],"version-history":[{"count":3,"href":"https:\/\/www.bandacittadelpalio.it\/blog\/wp-json\/wp\/v2\/posts\/528\/revisions"}],"predecessor-version":[{"id":1156,"href":"https:\/\/www.bandacittadelpalio.it\/blog\/wp-json\/wp\/v2\/posts\/528\/revisions\/1156"}],"wp:attachment":[{"href":"https:\/\/www.bandacittadelpalio.it\/blog\/wp-json\/wp\/v2\/media?parent=528"}],"wp:term":[{"taxonomy":"category","embeddable":true,"href":"https:\/\/www.bandacittadelpalio.it\/blog\/wp-json\/wp\/v2\/categories?post=528"},{"taxonomy":"post_tag","embeddable":true,"href":"https:\/\/www.bandacittadelpalio.it\/blog\/wp-json\/wp\/v2\/tags?post=528"}],"curies":[{"name":"wp","href":"https:\/\/api.w.org\/{rel}","templated":true}]}}