{"id":406,"date":"2018-10-17T21:08:44","date_gmt":"2018-10-17T20:08:44","guid":{"rendered":"http:\/\/www.bandacittadelpalio.it\/blog\/?p=406"},"modified":"2019-01-11T08:30:06","modified_gmt":"2019-01-11T07:30:06","slug":"concerto-straordinario-per-un-palio-straordinario","status":"publish","type":"post","link":"https:\/\/www.bandacittadelpalio.it\/blog\/2018\/10\/17\/concerto-straordinario-per-un-palio-straordinario\/","title":{"rendered":"Concerto straordinario per un Palio Straordinario"},"content":{"rendered":"\n<p style=\"font-size:29px;text-align:center\"><strong>Il 18 Ottobre alle ore 19:00<\/strong><br><strong>la Banda Citt\u00e0 del Palio<\/strong><br>\u00e8 lieta di invitare la cittadinanza<br>al concerto che si terr\u00e0<br>in&nbsp;<strong>Piazza del Campo<\/strong><\/p>\n\n\n<p>Come di consueto l&#8217;Unione Bandistica Senese &#8211; &#8220;Banda Citt\u00e0 del Palio&#8221; organizza per l&#8217;antivigilia di ogni Carriera un Concerto in Piazza del Campo.<\/p>\n<p class=\"p1\"><span class=\"s1\">Con il seguente programma:<\/span><\/p>\n<p class=\"p1\"><span class=\"s1\">La fanfare du printemps &#8211; <em>J. Bouvet, Arr.<\/em>&nbsp;<em>L. Bianchi<\/em><\/span><\/p>\n<p class=\"p1\"><span class=\"s1\">Carmen &#8211; <em>G. Bizet, Arr. Nocchia<\/em><\/span><\/p>\n<p class=\"p1\"><span class=\"s1\">Rapsodia Napoletana &#8211;&nbsp;<em>Arr. Rocco Cristiano<\/em><\/span><\/p>\n<p><span class=\"s1\">Reflection<\/span><span class=\"s2\">s <\/span><span class=\"s1\">of this Time &#8211; <em>Ted Huggens<\/em><\/span><\/p>\n<p class=\"p1\"><span class=\"s1\">Sir Duke &#8211; <em>Stevie Wonder, Arr. Noahiro Iwai<\/em><\/span><\/p>\n<p class=\"p1\"><span class=\"s1\">Caravan &#8211;&nbsp;<em>&nbsp;<\/em><em>Arr. Noahiro Iwai<\/em><\/span><\/p>\n<p class=\"p1\"><span class=\"s1\">Dirige: il <\/span><em><span class=\"s2\">Maestro Giuseppe Baldesi<\/span><\/em><\/p>","protected":false},"excerpt":{"rendered":"<p>Il 18 Ottobre alle ore 19:00la Banda Citt\u00e0 del Palio\u00e8 lieta di invitare la cittadinanzaal concerto che si terr\u00e0in&nbsp;Piazza del Campo Come di consueto l&#8217;Unione Bandistica Senese &#8211; &#8220;Banda Citt\u00e0 del Palio&#8221; organizza per l&#8217;antivigilia di ogni Carriera un Concerto in Piazza del Campo. Con il seguente programma: La fanfare du printemps &#8211; J. Bouvet, Arr.&nbsp;L. Bianchi Carmen &#8211; G.<\/p>\n<p><a class=\"more-link\" href=\"https:\/\/www.bandacittadelpalio.it\/blog\/2018\/10\/17\/concerto-straordinario-per-un-palio-straordinario\/\">Read More<\/a><\/p>\n","protected":false},"author":1,"featured_media":0,"comment_status":"open","ping_status":"open","sticky":false,"template":"","format":"standard","meta":{"sharing_disabled":false,"spay_email":"","jetpack_publicize_message":""},"categories":[6],"tags":[138,139,136,137],"jetpack_featured_media_url":"","jetpack_publicize_connections":[],"_links":{"self":[{"href":"https:\/\/www.bandacittadelpalio.it\/blog\/wp-json\/wp\/v2\/posts\/406"}],"collection":[{"href":"https:\/\/www.bandacittadelpalio.it\/blog\/wp-json\/wp\/v2\/posts"}],"about":[{"href":"https:\/\/www.bandacittadelpalio.it\/blog\/wp-json\/wp\/v2\/types\/post"}],"author":[{"embeddable":true,"href":"https:\/\/www.bandacittadelpalio.it\/blog\/wp-json\/wp\/v2\/users\/1"}],"replies":[{"embeddable":true,"href":"https:\/\/www.bandacittadelpalio.it\/blog\/wp-json\/wp\/v2\/comments?post=406"}],"version-history":[{"count":8,"href":"https:\/\/www.bandacittadelpalio.it\/blog\/wp-json\/wp\/v2\/posts\/406\/revisions"}],"predecessor-version":[{"id":581,"href":"https:\/\/www.bandacittadelpalio.it\/blog\/wp-json\/wp\/v2\/posts\/406\/revisions\/581"}],"wp:attachment":[{"href":"https:\/\/www.bandacittadelpalio.it\/blog\/wp-json\/wp\/v2\/media?parent=406"}],"wp:term":[{"taxonomy":"category","embeddable":true,"href":"https:\/\/www.bandacittadelpalio.it\/blog\/wp-json\/wp\/v2\/categories?post=406"},{"taxonomy":"post_tag","embeddable":true,"href":"https:\/\/www.bandacittadelpalio.it\/blog\/wp-json\/wp\/v2\/tags?post=406"}],"curies":[{"name":"wp","href":"https:\/\/api.w.org\/{rel}","templated":true}]}}